{"id":285,"date":"2019-08-12T09:05:00","date_gmt":"2019-08-12T06:05:00","guid":{"rendered":"http:\/\/www.ita-hameenkansantanssijat.fi\/?p=285"},"modified":"2019-08-12T09:05:00","modified_gmt":"2019-08-12T06:05:00","slug":"285","status":"publish","type":"post","link":"http:\/\/www.ita-hameenkansantanssijat.fi\/?p=285","title":{"rendered":""},"content":{"rendered":"\n<p>Syyskauden harjoitukset<\/p>\n\n\n\n<p>It\u00e4-H\u00e4meen kansantanssijoiden syyskausi alkaa syyskuussa. <\/p>\n\n\n\n<p>Tiistairyhm\u00e4, eli Hannu J\u00e4rvisen ohjaama ryhm\u00e4 kokoontuu\nensimm\u00e4ist\u00e4 kertaa tiistaina 10.09.2019. Harjoitukset jatkuvat tiistaisin ja\nviimeiset treenit syyskaudella tanssitaan 3. joulukuuta. Harjoitukset pidet\u00e4\u00e4n\nWPK-talolla alkaen klo 18.00.<\/p>\n\n\n\n<p>Keskiviikkoryhm\u00e4, eli Annamaija Lehtisen ryhm\u00e4 aloittaa\nsyyskauden keskiviikkona 11.09.2019 klo 18.00. T\u00e4m\u00e4kin ryhm\u00e4 kasaantuu\nWPK-talolla. Viimeiset treenit ennen joulutaukoa pidet\u00e4\u00e4n 05.12.2019.<\/p>\n\n\n\n<p>Riisutaan ryppyotsat, puetaan hymynaamat tilalle ja\ntanssitaan hyv\u00e4ss\u00e4 seurassa.\n\nTervetuloa uudet ja kokeneemmat tanssijat.\n\n\n\n<\/p>\n","protected":false},"excerpt":{"rendered":"<p>Syyskauden harjoitukset It\u00e4-H\u00e4meen kansantanssijoiden syyskausi alkaa syyskuussa. Tiistairyhm\u00e4, eli Hannu J\u00e4rvisen ohjaama ryhm\u00e4 kokoontuu ensimm\u00e4ist\u00e4 kertaa tiistaina 10.09.2019. Harjoitukset jatkuvat tiistaisin ja viimeiset treenit syyskaudella tanssitaan 3. joulukuuta. Harjoitukset pidet\u00e4\u00e4n WPK-talolla alkaen klo 18.00. Keskiviikkoryhm\u00e4, eli Annamaija Lehtisen ryhm\u00e4 aloittaa syyskauden keskiviikkona 11.09.2019 klo 18.00. T\u00e4m\u00e4kin ryhm\u00e4 kasaantuu WPK-talolla. Viimeiset treenit ennen joulutaukoa pidet\u00e4\u00e4n 05.12.2019. [&hellip;]<\/p>\n","protected":false},"author":1,"featured_media":0,"comment_status":"open","ping_status":"open","sticky":false,"template":"","format":"standard","meta":[],"categories":[1],"tags":[],"_links":{"self":[{"href":"http:\/\/www.ita-hameenkansantanssijat.fi\/index.php?rest_route=\/wp\/v2\/posts\/285"}],"collection":[{"href":"http:\/\/www.ita-hameenkansantanssijat.fi\/index.php?rest_route=\/wp\/v2\/posts"}],"about":[{"href":"http:\/\/www.ita-hameenkansantanssijat.fi\/index.php?rest_route=\/wp\/v2\/types\/post"}],"author":[{"embeddable":true,"href":"http:\/\/www.ita-hameenkansantanssijat.fi\/index.php?rest_route=\/wp\/v2\/users\/1"}],"replies":[{"embeddable":true,"href":"http:\/\/www.ita-hameenkansantanssijat.fi\/index.php?rest_route=%2Fwp%2Fv2%2Fcomments&post=285"}],"version-history":[{"count":1,"href":"http:\/\/www.ita-hameenkansantanssijat.fi\/index.php?rest_route=\/wp\/v2\/posts\/285\/revisions"}],"predecessor-version":[{"id":286,"href":"http:\/\/www.ita-hameenkansantanssijat.fi\/index.php?rest_route=\/wp\/v2\/posts\/285\/revisions\/286"}],"wp:attachment":[{"href":"http:\/\/www.ita-hameenkansantanssijat.fi\/index.php?rest_route=%2Fwp%2Fv2%2Fmedia&parent=285"}],"wp:term":[{"taxonomy":"category","embeddable":true,"href":"http:\/\/www.ita-hameenkansantanssijat.fi\/index.php?rest_route=%2Fwp%2Fv2%2Fcategories&post=285"},{"taxonomy":"post_tag","embeddable":true,"href":"http:\/\/www.ita-hameenkansantanssijat.fi\/index.php?rest_route=%2Fwp%2Fv2%2Ftags&post=285"}],"curies":[{"name":"wp","href":"https:\/\/api.w.org\/{rel}","templated":true}]}}