{"id":291,"date":"2019-09-04T13:59:56","date_gmt":"2019-09-04T10:59:56","guid":{"rendered":"http:\/\/www.ita-hameenkansantanssijat.fi\/?p=291"},"modified":"2019-09-04T13:59:56","modified_gmt":"2019-09-04T10:59:56","slug":"jasenkirje-4-19","status":"publish","type":"post","link":"http:\/\/www.ita-hameenkansantanssijat.fi\/?p=291","title":{"rendered":"J\u00e4senkirje 4\/19"},"content":{"rendered":"\n<p><strong>Hyv\u00e4\u00e4 syksy\u00e4 tanhuajat.<\/strong><\/p>\n\n\n\n<p><strong>Makasiinitanssit.<\/strong><\/p>\n\n\n\n<p>VR.n Makasiini on sulkenut ovensa tanssiv\u00e4elt\u00e4 t\u00e4lt\u00e4\nkes\u00e4lt\u00e4. Kes\u00e4 oli viime kes\u00e4\u00e4 parempi yleis\u00f6m\u00e4\u00e4rill\u00e4 laskien. Paras ilta osui\nkauden loppuun ja p\u00e4\u00e4t\u00f6stansseissa lippuja myytiin yli 90. Muutenkin toiminta\npiristyi syksy\u00e4 kohden. N\u00e4in j\u00e4lkik\u00e4teen tarkasteltuna eniten tanssiv\u00e4ke\u00e4\nsaapui paikalle paikallisten tanssittajien vastatessa musiikista. Satu-Maarit\nja Jouko Keskinen\/Antti Aronen toivat v\u00e4ke\u00e4 paikalle. My\u00f6s \u201dhouse band\u201d Puskan\nS\u00e4vel kiinnosti tassiv\u00e4ke\u00e4. Maksavaa tanssiv\u00e4ke\u00e4 oli koko kes\u00e4n keskim\u00e4\u00e4rin\n60\/ilta. Makasiinirakennus saatetaan talvikuntoon torstaina 5. syyskuuta.\nTalkoot alkaa aamusta klo 09.00. T\u00e4m\u00e4 ilmoitus tulee valitettavasti viime\ntipassa, mutta tieto on saatettu ydinryhm\u00e4lle muuta kautta. Joka tapauksessa,\njos haluat kantaa kortesi kekoon, niin tervetuloa.<\/p>\n\n\n\n<p><strong>Kes\u00e4kauden p\u00e4\u00e4tt\u00e4j\u00e4iset<\/strong><\/p>\n\n\n\n<p>Kes\u00e4kausi saatetaan muistojen joukkoon jo perinteeksi muodostuneen\nkauden p\u00e4\u00e4tt\u00e4j\u00e4iskokoontumisen muodossa. Makasiinitansseja py\u00f6ritt\u00e4neet\nkokoontuvat hyv\u00e4n sy\u00f6misen ja pelien sek\u00e4 mainion seuran merkeiss\u00e4 Vierum\u00e4en\nmets\u00e4styseuran majalle sunnuntaina 22.09.2019. Tilaisuus alkaa klo 13.00 ja\nsinne menn\u00e4\u00e4n kimppakyydeill\u00e4. Tarkemmat tiedot ja ilmoittautuminen\nharjoitusten yhteydess\u00e4.<\/p>\n\n\n\n<p><strong>Syksyn harjoitukset<\/strong><\/p>\n\n\n\n<p>Hannun tiistairyhm\u00e4 aloittaa syyskauden WPK-talolla\n10.09.2019 klo 18.oo. Anna-Maijan ryhm\u00e4 puolestaan kasaantuu ensimm\u00e4ist\u00e4 kertaa\nkeskiviikkona 11.09.2019 niin ik\u00e4\u00e4n kuudelta. Heti alusta on tosi kyseess\u00e4,\nsill\u00e4 meilt\u00e4 tarvitaan jokunen salonkikelpoinen esitys lokakuun Hollo ja Martta\nfestivaalitilaisuudessa.<\/p>\n\n\n\n<p><strong>Hollo ja Martta<\/strong><\/p>\n\n\n\n<p>Tuossa jo mainitsinkin Hollo ja Martta festivaalin. Meille\non tuosta festivaalista varattu Meksikolainen ilta, joka vietet\u00e4\u00e4n WPK-talolla\n30.10.2019 alkaen klo 18.00. IHKT toimii tilaisuuden j\u00e4rjest\u00e4j\u00e4n\u00e4.\nHarjoituksissa on n\u00e4ht\u00e4v\u00e4n\u00e4 lista, johon jokainen voi merkit\u00e4 miten haluaa\nkantaa kortensa tilaisuuden kekoon. Mainostakaatten tuota tapahtumaa omille\ntutuillenne, jotta saadaan WPK-talon katsomo pullistelemaan. Jokap\u00e4iv\u00e4 ei Heinolassa\nn\u00e4hd\u00e4 meksikolaista kansantanssia.<\/p>\n","protected":false},"excerpt":{"rendered":"<p>Hyv\u00e4\u00e4 syksy\u00e4 tanhuajat. Makasiinitanssit. VR.n Makasiini on sulkenut ovensa tanssiv\u00e4elt\u00e4 t\u00e4lt\u00e4 kes\u00e4lt\u00e4. Kes\u00e4 oli viime kes\u00e4\u00e4 parempi yleis\u00f6m\u00e4\u00e4rill\u00e4 laskien. Paras ilta osui kauden loppuun ja p\u00e4\u00e4t\u00f6stansseissa lippuja myytiin yli 90. Muutenkin toiminta piristyi syksy\u00e4 kohden. N\u00e4in j\u00e4lkik\u00e4teen tarkasteltuna eniten tanssiv\u00e4ke\u00e4 saapui paikalle paikallisten tanssittajien vastatessa musiikista. Satu-Maarit ja Jouko Keskinen\/Antti Aronen toivat v\u00e4ke\u00e4 paikalle. My\u00f6s [&hellip;]<\/p>\n","protected":false},"author":1,"featured_media":0,"comment_status":"open","ping_status":"open","sticky":false,"template":"","format":"standard","meta":[],"categories":[1],"tags":[],"_links":{"self":[{"href":"http:\/\/www.ita-hameenkansantanssijat.fi\/index.php?rest_route=\/wp\/v2\/posts\/291"}],"collection":[{"href":"http:\/\/www.ita-hameenkansantanssijat.fi\/index.php?rest_route=\/wp\/v2\/posts"}],"about":[{"href":"http:\/\/www.ita-hameenkansantanssijat.fi\/index.php?rest_route=\/wp\/v2\/types\/post"}],"author":[{"embeddable":true,"href":"http:\/\/www.ita-hameenkansantanssijat.fi\/index.php?rest_route=\/wp\/v2\/users\/1"}],"replies":[{"embeddable":true,"href":"http:\/\/www.ita-hameenkansantanssijat.fi\/index.php?rest_route=%2Fwp%2Fv2%2Fcomments&post=291"}],"version-history":[{"count":1,"href":"http:\/\/www.ita-hameenkansantanssijat.fi\/index.php?rest_route=\/wp\/v2\/posts\/291\/revisions"}],"predecessor-version":[{"id":292,"href":"http:\/\/www.ita-hameenkansantanssijat.fi\/index.php?rest_route=\/wp\/v2\/posts\/291\/revisions\/292"}],"wp:attachment":[{"href":"http:\/\/www.ita-hameenkansantanssijat.fi\/index.php?rest_route=%2Fwp%2Fv2%2Fmedia&parent=291"}],"wp:term":[{"taxonomy":"category","embeddable":true,"href":"http:\/\/www.ita-hameenkansantanssijat.fi\/index.php?rest_route=%2Fwp%2Fv2%2Fcategories&post=291"},{"taxonomy":"post_tag","embeddable":true,"href":"http:\/\/www.ita-hameenkansantanssijat.fi\/index.php?rest_route=%2Fwp%2Fv2%2Ftags&post=291"}],"curies":[{"name":"wp","href":"https:\/\/api.w.org\/{rel}","templated":true}]}}