{"id":303,"date":"2021-09-09T18:10:03","date_gmt":"2021-09-09T15:10:03","guid":{"rendered":"https:\/\/www.ita-hameenkansantanssijat.fi\/?p=303"},"modified":"2021-09-23T11:31:16","modified_gmt":"2021-09-23T08:31:16","slug":"ensiviikon-viikko-37-harjoitukset","status":"publish","type":"post","link":"http:\/\/www.ita-hameenkansantanssijat.fi\/?p=303","title":{"rendered":"J\u00e4senkirje 4\/21"},"content":{"rendered":"\n<p><strong>Harjoitukset:<\/strong><\/p>\n\n\n\n<p>Syksyn harjoitukset ovat k\u00e4ynnistyneet ja vanhoja sek\u00e4 joitain uusia askelikkoja on tungettu osallistujien lihasmuistiin. Harkat jatkuu joulukuulle tiistaisin ja keskiviikkoisin WPK-talolla alkaen klo 18.00. Jos tulee muutoksia, niin niist\u00e4 kerrotaan seuran <a href=\"http:\/\/www.sivuilla\">www.sivuilla<\/a> os: <a href=\"http:\/\/www.itahameenkansantanssijat.fi\">www.itahameenkansantanssijat.fi<\/a>, joita pyrit\u00e4\u00e4n p\u00e4ivitt\u00e4m\u00e4\u00e4n jatkuvasti.<\/p>\n\n\n\n<p><strong>Hollo ja Martta festivaalin kansainv\u00e4linen ilta<\/strong><\/p>\n\n\n\n<p>Yksi seuramme syksyn t\u00e4rkeist\u00e4 tapahtumista on perinteisen Hollo ja Martta kansantanssifestivaalin kansainv\u00e4linen ilta WPK-talolla keskiviikkona 03.11. Vieraaksemme saapuu unkarilainen ryhm\u00e4. Tiistairyhm\u00e4 treenaa parhaillaan omaa ohjelmanumeroa tilaisuuteen. Illan sujuva l\u00e4pivienti vaatii lis\u00e4ksi useiden henkil\u00f6iden ty\u00f6panoksen. Tekij\u00f6it\u00e4 tarvitaan lipunmyyntiin, j\u00e4rjestyksen valvontaan, arpamyyntiin ja kahvilaan. Ilmoitelkaa mihin \u201dvirkaan\u201d haluatte harjoituksissa olevan listaan tai suoraan minulle. Lis\u00e4ksi tarvitaan arpajaisvoittoja. Kun jokainen tuo kaksi v\u00e4hint\u00e4\u00e4n kahden euron arvoista palkintoa, niin saadaan aikaiseksi kunnon arpajaiset. Arvan myynti on t\u00e4rke\u00e4\u00e4 seuran talouden kannalta.<\/p>\n\n\n\n<p><strong>Matka Hollo ja Martta festivaalin p\u00e4\u00e4konserttiin<\/strong><\/p>\n\n\n\n<p>Hollo ja Martta festivaalin p\u00e4\u00e4konsertti vietet\u00e4\u00e4n Lahden kaupunginteatterin Juhani n\u00e4ytt\u00e4m\u00f6ll\u00e4 lauantaina 6 pn\u00e4 marraskuuta alkaen klo 16.00. J\u00e4rjest\u00e4mme matkan ko. konserttiin seuran kustannuksella. Matkan aikataulu tarkentuu my\u00f6hemmin. Sitovat ilmoittautumiset harkoissa esill\u00e4 olevaan listaan tai minulle puhelimitse.<\/p>\n\n\n\n<p><strong>Syyskokous<\/strong><\/p>\n\n\n\n<p>Seuran syyskokous pidet\u00e4\u00e4n tiistaina 09.11.2021 ja varsinaisten syyskokousasioiden lis\u00e4ksi kokouksessa p\u00e4\u00e4tet\u00e4\u00e4n makasiinitanssien jatkosta ja mahdollisuudesta j\u00e4rjest\u00e4\u00e4 tansseja talviaikaan WPK-talolla. Makasiinin vuokranantaja vaihtuu ja t\u00e4ss\u00e4 yhteydess\u00e4 meid\u00e4n on mietitt\u00e4v\u00e4 vuokrasopimuksen jatkoa.<\/p>\n\n\n\n<p>Syysterveisin<\/p>\n\n\n\n<p>-Tuomo<\/p>\n\n\n\n<p><\/p>\n","protected":false},"excerpt":{"rendered":"<p>Harjoitukset: Syksyn harjoitukset ovat k\u00e4ynnistyneet ja vanhoja sek\u00e4 joitain uusia askelikkoja on tungettu osallistujien lihasmuistiin. Harkat jatkuu joulukuulle tiistaisin ja keskiviikkoisin WPK-talolla alkaen klo 18.00. Jos tulee muutoksia, niin niist\u00e4 kerrotaan seuran www.sivuilla os: www.itahameenkansantanssijat.fi, joita pyrit\u00e4\u00e4n p\u00e4ivitt\u00e4m\u00e4\u00e4n jatkuvasti. Hollo ja Martta festivaalin kansainv\u00e4linen ilta Yksi seuramme syksyn t\u00e4rkeist\u00e4 tapahtumista on perinteisen Hollo ja Martta [&hellip;]<\/p>\n","protected":false},"author":1,"featured_media":0,"comment_status":"open","ping_status":"open","sticky":false,"template":"","format":"standard","meta":[],"categories":[1],"tags":[],"_links":{"self":[{"href":"http:\/\/www.ita-hameenkansantanssijat.fi\/index.php?rest_route=\/wp\/v2\/posts\/303"}],"collection":[{"href":"http:\/\/www.ita-hameenkansantanssijat.fi\/index.php?rest_route=\/wp\/v2\/posts"}],"about":[{"href":"http:\/\/www.ita-hameenkansantanssijat.fi\/index.php?rest_route=\/wp\/v2\/types\/post"}],"author":[{"embeddable":true,"href":"http:\/\/www.ita-hameenkansantanssijat.fi\/index.php?rest_route=\/wp\/v2\/users\/1"}],"replies":[{"embeddable":true,"href":"http:\/\/www.ita-hameenkansantanssijat.fi\/index.php?rest_route=%2Fwp%2Fv2%2Fcomments&post=303"}],"version-history":[{"count":3,"href":"http:\/\/www.ita-hameenkansantanssijat.fi\/index.php?rest_route=\/wp\/v2\/posts\/303\/revisions"}],"predecessor-version":[{"id":313,"href":"http:\/\/www.ita-hameenkansantanssijat.fi\/index.php?rest_route=\/wp\/v2\/posts\/303\/revisions\/313"}],"wp:attachment":[{"href":"http:\/\/www.ita-hameenkansantanssijat.fi\/index.php?rest_route=%2Fwp%2Fv2%2Fmedia&parent=303"}],"wp:term":[{"taxonomy":"category","embeddable":true,"href":"http:\/\/www.ita-hameenkansantanssijat.fi\/index.php?rest_route=%2Fwp%2Fv2%2Fcategories&post=303"},{"taxonomy":"post_tag","embeddable":true,"href":"http:\/\/www.ita-hameenkansantanssijat.fi\/index.php?rest_route=%2Fwp%2Fv2%2Ftags&post=303"}],"curies":[{"name":"wp","href":"https:\/\/api.w.org\/{rel}","templated":true}]}}